{"id":25329,"date":"2022-10-24T12:36:30","date_gmt":"2022-10-24T10:36:30","guid":{"rendered":"https:\/\/anjos.com\/edicion-interclima-2022-una-pagina-que-se-cierra\/"},"modified":"2022-10-24T12:36:30","modified_gmt":"2022-10-24T10:36:30","slug":"edicion-interclima-2022-una-pagina-que-se-cierra","status":"publish","type":"post","link":"https:\/\/anjos.com\/es\/edicion-interclima-2022-una-pagina-que-se-cierra\/","title":{"rendered":"Edici\u00f3n Interclima 2022: una p\u00e1gina que se cierra"},"content":{"rendered":"<h3><span style=\"color: #73a6da; font-family: georgia, palatino, serif;\">Interclima, productos innovadores de ventilaci\u00f3n.<\/span><\/h3>\n<p><span style=\"color: #1e253f; font-family: georgia, palatino, serif;\">Estuvimos <\/span><span style=\"color: #1e253f;\"><span style=\"font-family: georgia, palatino, serif;\">presentes en la feria Interclima del 3 al 6 de octubre de 2022,<\/span><span style=\"font-family: georgia, palatino, serif;\"> una edici\u00f3n que cumpli\u00f3 sus promesas gracias a USTEDES.<\/span><\/span><\/p>\n<p><span style=\"color: #1e253f; font-family: georgia, palatino, serif;\">En esta ocasi\u00f3n, pudimos encontrarnos, conversar, intercambiar ideas y presentar nuestras novedades, como nuestra <span style=\"color: #73a6da;\">entrada de aire filtrante Fil\u00e9a<\/span> o nuestro nuevo concepto<span style=\"color: #73a6da;\">, la entrada de aire purificante EM.<\/span><\/span><\/p>\n<p><span style=\"color: #1e253f; font-family: georgia, palatino, serif;\">Todos los actores del sector de la ventilaci\u00f3n estuvieron presentes y nos complace haber podido restablecer los v\u00ednculos que nos un\u00edan en torno a esta feria profesional.<\/span><\/p>\n<p><span style=\"color: #1e253f; font-family: georgia, palatino, serif;\">Despu\u00e9s de 3 a\u00f1os sin poder encontrarnos, el reencuentro fue a\u00fan m\u00e1s hermoso. La prueba est\u00e1 en que la feria Batimat cont\u00f3 este a\u00f1o con m\u00e1s de 1.700 expositores y un aumento del 15% en visitantes en comparaci\u00f3n con la edici\u00f3n de 2019. <\/span><\/p>\n<p>&nbsp;<\/p>\n<p><span style=\"color: #1e253f; font-family: georgia, palatino, serif;\">Tambi\u00e9n queremos agradecer a todos nuestros socios que, entre bastidores, contribuyeron de una forma u otra a hacer de esta feria un \u00e9xito:<\/span><\/p>\n<p>&nbsp;<\/p>\n<ul>\n<li><span style=\"color: #73a6da; font-family: georgia, palatino, serif;\">Agencia de comunicaci\u00f3n <\/span><\/li>\n<li><span style=\"color: #73a6da; font-family: georgia, palatino, serif;\"> Arquitecto<\/span><\/li>\n<li><span style=\"color: #73a6da; font-family: georgia, palatino, serif;\">Dise\u00f1ador de stands<\/span><\/li>\n<li><span style=\"color: #73a6da; font-family: georgia, palatino, serif;\">Proveedor de art\u00edculos promocionales<\/span><\/li>\n<li><span style=\"color: #73a6da; font-family: georgia, palatino, serif;\">Transportistas<\/span><\/li>\n<li><span style=\"color: #73a6da; font-family: georgia, palatino, serif;\">Azafata<\/span><\/li>\n<li><span style=\"color: #73a6da; font-family: georgia, palatino, serif;\">Organizadores y lugares<\/span><\/li>\n<\/ul>\n<p>&nbsp;<\/p>\n<p><span style=\"color: #1e253f; font-family: georgia, palatino, serif;\">Y muchos m\u00e1s&#8230;<\/span><\/p>\n<p><span style=\"color: #1e253f; font-family: georgia, palatino, serif;\">(Si tiene alguna pregunta sobre estos temas, no dude en contactar con nuestros comerciales.)<\/span><\/p>\n<p><span style=\"color: #1e253f; font-family: georgia, palatino, serif;\">\u00a1Gracias de nuevo a todos por participar en este evento! Ya les damos <span style=\"color: #73a6da;\">cita para Interclima 2024!<\/span> <\/span><\/p>\n<blockquote>\n<p style=\"text-align: center;\"><span style=\"color: #1e253f;\">\u00abAnjos siempre est\u00e1 atento a las necesidades de sus clientes.\u00bb<\/span><\/p>\n<\/blockquote>\n","protected":false},"excerpt":{"rendered":"<p>Interclima, productos innovadores de ventilaci\u00f3n. Estuvimos presentes en la feria Interclima del 3 al 6 de octubre de 2022, una edici\u00f3n que cumpli\u00f3 sus promesas gracias a USTEDES. En esta ocasi\u00f3n, pudimos encontrarnos, conversar, intercambiar ideas y presentar nuestras novedades, como nuestra entrada de aire filtrante Fil\u00e9a o nuestro nuevo concepto, la entrada de aire [&hellip;]<\/p>\n","protected":false},"author":2,"featured_media":25331,"comment_status":"closed","ping_status":"closed","sticky":false,"template":"","format":"standard","meta":{"footnotes":""},"categories":[235],"tags":[],"class_list":["post-25329","post","type-post","status-publish","format-standard","has-post-thumbnail","hentry","category-sin-categoria"],"_links":{"self":[{"href":"https:\/\/anjos.com\/es\/wp-json\/wp\/v2\/posts\/25329","targetHints":{"allow":["GET"]}}],"collection":[{"href":"https:\/\/anjos.com\/es\/wp-json\/wp\/v2\/posts"}],"about":[{"href":"https:\/\/anjos.com\/es\/wp-json\/wp\/v2\/types\/post"}],"author":[{"embeddable":true,"href":"https:\/\/anjos.com\/es\/wp-json\/wp\/v2\/users\/2"}],"replies":[{"embeddable":true,"href":"https:\/\/anjos.com\/es\/wp-json\/wp\/v2\/comments?post=25329"}],"version-history":[{"count":0,"href":"https:\/\/anjos.com\/es\/wp-json\/wp\/v2\/posts\/25329\/revisions"}],"wp:featuredmedia":[{"embeddable":true,"href":"https:\/\/anjos.com\/es\/wp-json\/wp\/v2\/media\/25331"}],"wp:attachment":[{"href":"https:\/\/anjos.com\/es\/wp-json\/wp\/v2\/media?parent=25329"}],"wp:term":[{"taxonomy":"category","embeddable":true,"href":"https:\/\/anjos.com\/es\/wp-json\/wp\/v2\/categories?post=25329"},{"taxonomy":"post_tag","embeddable":true,"href":"https:\/\/anjos.com\/es\/wp-json\/wp\/v2\/tags?post=25329"}],"curies":[{"name":"wp","href":"https:\/\/api.w.org\/{rel}","templated":true}]}}