{"id":25149,"date":"2024-12-04T09:38:14","date_gmt":"2024-12-04T07:38:14","guid":{"rendered":"https:\/\/anjos.com\/salon-interclima-2024-una-edicion-exitosa\/"},"modified":"2024-12-04T09:38:14","modified_gmt":"2024-12-04T07:38:14","slug":"salon-interclima-2024-una-edicion-exitosa","status":"publish","type":"post","link":"https:\/\/anjos.com\/es\/salon-interclima-2024-una-edicion-exitosa\/","title":{"rendered":"Sal\u00f3n Interclima 2024:<br> \u00a1una edici\u00f3n exitosa!"},"content":{"rendered":"<p>El sal\u00f3n <strong>Interclima 2024<\/strong> se celebr\u00f3 del 30 de septiembre al 3 de octubre en Par\u00eds, Porte de Versailles. Este evento es una cita ineludible para los profesionales de la ingenier\u00eda clim\u00e1tica, la calefacci\u00f3n, la ventilaci\u00f3n y el aire acondicionado. <\/p>\n<p>El evento estuvo marcado por <strong>conferencias, demostraciones y debates enriquecedores<\/strong> con expertos en ventilaci\u00f3n, que compartieron sus conocimientos sobre las innovaciones y oportunidades del mercado. Todo concluy\u00f3 con una <strong>velada de convivencia<\/strong>, donde tuvimos el placer de reunirnos rodeados de nuestros colaboradores m\u00e1s cercanos, fortaleciendo as\u00ed los lazos profesionales y amistosos en un ambiente c\u00e1lido y relajado. <\/p>\n<p><iframe title=\"Reproductor de v\u00eddeo de YouTube\" src=\"https:\/\/www.youtube.com\/embed\/NfyuRYqR87A?si=ddMkXmLxDnw677jo\" width=\"100%\" height=\"560\" frameborder=\"0\" allowfullscreen=\"allowfullscreen\"><\/iframe><\/p>\n<p><span style=\"color: #54a4db;\"><strong>Una oportunidad \u00fanica para compartir e innovar <span style=\"color: #54a4db;\">juntos<\/span><\/strong><\/span><\/p>\n<p>En nuestro stand, ubicado en la zona de Ventilaci\u00f3n y CAI, recibimos a numerosos profesionales del sector. Estos encuentros fueron una excelente oportunidad para <strong>intercambiar opiniones sobre los desaf\u00edos actuales<\/strong> y discutir las <strong>oportunidades futuras<\/strong>, especialmente en t\u00e9rminos de rendimiento y mejora de la <strong>Calidad del Aire Interior<\/strong>. <\/p>\n<p>Los intercambios, ricos y constructivos, permitieron fortalecer nuestras relaciones profesionales y considerar nuevas colaboraciones prometedoras. Estamos encantados con el inter\u00e9s mostrado por los visitantes y ansiosos por concretar los proyectos discutidos durante el sal\u00f3n <strong>Interclima 2024<\/strong>. <\/p>\n<p><span style=\"color: #54a4db;\"><strong>Anjos en el centro de atenci\u00f3n<\/strong><\/span><\/p>\n<p>Tuvimos el honor de presentar dos conferencias durante el sal\u00f3n. Jeremy Depoorter, nuestro Director de Investigaci\u00f3n e Innovaci\u00f3n, tom\u00f3 la palabra para presentar estos dos momentos destacados dedicados enteramente al campo de la ventilaci\u00f3n. <\/p>\n<ul>\n<li><strong>Hacia una mejora de la Calidad del Aire Interior: <\/strong>Esta conferencia, celebrada el 1 de octubre de 2024, present\u00f3 el dise\u00f1o y el objetivo de nuestro nuevo laboratorio de simulaci\u00f3n de interiores, capaz de caracterizar los sistemas de ventilaci\u00f3n. Este proyecto, llevado a cabo en colaboraci\u00f3n con el laboratorio LOCIE y el Cerema, est\u00e1 financiado por la Regi\u00f3n Auvernia-R\u00f3dano-Alpes. <\/li>\n<li><strong>Performance 2<\/strong>: En colaboraci\u00f3n con Cerema y Aereco, el proyecto Performance 2 ten\u00eda como objetivo evaluar la durabilidad y robustez de los sistemas higrorreguables en condiciones reales. Los resultados se presentaron el 2 de octubre y permitieron demostrar al p\u00fablico que los sistemas de VMC higrorreguables siguen siendo un \u00e9xito despu\u00e9s de 15 a\u00f1os de experiencia. <\/li>\n<\/ul>\n<p><span style=\"color: #54a4db;\"><strong><a style=\"color: #54a4db;\" href=\"https:\/\/www.cerema.fr\/fr\/innovation-recherche\/recherche\/projets\/performance-2-durabilite-performance-ventilation\" rel=\"noopener\">Descubra m\u00e1s sobre el proyecto Performance 2.<\/a><\/strong><\/span><\/p>\n<p>&nbsp;<\/p>\n<p><span style=\"color: #54a4db;\"><strong>Nuestras novedades en productos<\/strong><\/span><\/p>\n<p>El sal\u00f3n Interclima tambi\u00e9n fue la oportunidad de mostrarles nuestras diversas novedades para 2025. Destacamos: <\/p>\n<ul>\n<li><strong>CTP2<\/strong>: Este sombrero de tejado redise\u00f1ado ofrece una mayor eficiencia y un dise\u00f1o moderno, mejorando los caudales de aire con un rendimiento aerodin\u00e1mico \u00f3ptimo.<\/li>\n<li><strong>EM 2 HY y EM 2 A<\/strong>: Estas entradas de aire higrorreguables y autorreguables han sido redise\u00f1adas, asegurando siempre una ventilaci\u00f3n eficaz, con una atenuaci\u00f3n ac\u00fastica que puede alcanzar hasta 47 dB.<\/li>\n<li><strong>Grille GEM<\/strong>: Compatible con los modelos EM 2 HY y EM 2 A, esta nueva rejilla de pl\u00e1stico con lamas reemplaza a la rejilla GAP en ciertas instalaciones.<\/li>\n<li><strong>Estaci\u00f3n CAI<\/strong>: Nuestra estaci\u00f3n, conectada a su aplicaci\u00f3n m\u00f3vil, controla nuestros productos en funci\u00f3n de las mediciones de umbral recopiladas. Se ofreci\u00f3 una demostraci\u00f3n en primicia a nuestros clientes en nuestro stand. <\/li>\n<\/ul>\n<p>&nbsp;<\/p>\n<p><span style=\"color: #54a4db;\"><strong>Una velada en la azotea para reunirnos<\/strong><\/span><\/p>\n<p>Para coronar nuestras jornadas de sal\u00f3n, organizamos una velada festiva el 2 de octubre, rodeados de nuestros valiosos colaboradores. Nuestros invitados fueron agasajados con <strong>regalos personalizados<\/strong>, una <strong>talentosa siluetista<\/strong> cre\u00f3 retratos \u00fanicos, y un <strong>fotomat\u00f3n<\/strong> inmortaliz\u00f3 recuerdos divertidos y memorables. <\/p>\n<p>&nbsp;<\/p>\n<p><span style=\"color: #54a4db;\"><strong>\u00a1Una edici\u00f3n exitosa!<\/strong><\/span><\/p>\n<p>Nuestra participaci\u00f3n en la edici\u00f3n 2024 del sal\u00f3n <strong>Interclima ha sido una experiencia enriquecedora y fruct\u00edfera<\/strong>. Tuvimos la oportunidad de presentar nuestras innovaciones, intercambiar con profesionales del sector y compartir nuestros conocimientos a trav\u00e9s de conferencias. Los comentarios positivos y las discusiones entabladas demuestran el inter\u00e9s y la relevancia de nuestras soluciones para el futuro de la ventilaci\u00f3n y la Calidad del Aire Interior. Agradecemos a todos los participantes por su presencia y compromiso, y <strong>nos complace continuar estos intercambios en nuestros pr\u00f3ximos encuentros.<\/strong>   <\/p>\n<p>Tambi\u00e9n queremos agradecer a todos los actores del proyecto: a los equipos de Interclima por su acogida, a UNIQUE Interieur por el dise\u00f1o del stand, a Harmonie Design por los planos t\u00e9cnicos y el montaje, a NEWCAP Event por la organizaci\u00f3n de la velada, a Zo\u00e9 Silhouettiste por sus recortes art\u00edsticos, y a Location Photobooth Paris por el equipo fotogr\u00e1fico.<\/p>\n<p>\u00a1Nos vemos en dos a\u00f1os para una nueva edici\u00f3n de <strong>Interclima 2026<\/strong>, que esperamos sea igualmente coronada de \u00e9xito!<\/p>\n","protected":false},"excerpt":{"rendered":"<p>El sal\u00f3n Interclima 2024 se celebr\u00f3 del 30 de septiembre al 3 de octubre en Par\u00eds, Porte de Versailles. Este evento es una cita ineludible para los profesionales de la ingenier\u00eda clim\u00e1tica, la calefacci\u00f3n, la ventilaci\u00f3n y el aire acondicionado. El evento estuvo marcado por conferencias, demostraciones y debates enriquecedores con expertos en ventilaci\u00f3n, que [&hellip;]<\/p>\n","protected":false},"author":7,"featured_media":25151,"comment_status":"closed","ping_status":"closed","sticky":false,"template":"","format":"standard","meta":{"footnotes":""},"categories":[241,235],"tags":[],"class_list":["post-25149","post","type-post","status-publish","format-standard","has-post-thumbnail","hentry","category-actualidades","category-sin-categoria"],"_links":{"self":[{"href":"https:\/\/anjos.com\/es\/wp-json\/wp\/v2\/posts\/25149","targetHints":{"allow":["GET"]}}],"collection":[{"href":"https:\/\/anjos.com\/es\/wp-json\/wp\/v2\/posts"}],"about":[{"href":"https:\/\/anjos.com\/es\/wp-json\/wp\/v2\/types\/post"}],"author":[{"embeddable":true,"href":"https:\/\/anjos.com\/es\/wp-json\/wp\/v2\/users\/7"}],"replies":[{"embeddable":true,"href":"https:\/\/anjos.com\/es\/wp-json\/wp\/v2\/comments?post=25149"}],"version-history":[{"count":0,"href":"https:\/\/anjos.com\/es\/wp-json\/wp\/v2\/posts\/25149\/revisions"}],"wp:featuredmedia":[{"embeddable":true,"href":"https:\/\/anjos.com\/es\/wp-json\/wp\/v2\/media\/25151"}],"wp:attachment":[{"href":"https:\/\/anjos.com\/es\/wp-json\/wp\/v2\/media?parent=25149"}],"wp:term":[{"taxonomy":"category","embeddable":true,"href":"https:\/\/anjos.com\/es\/wp-json\/wp\/v2\/categories?post=25149"},{"taxonomy":"post_tag","embeddable":true,"href":"https:\/\/anjos.com\/es\/wp-json\/wp\/v2\/tags?post=25149"}],"curies":[{"name":"wp","href":"https:\/\/api.w.org\/{rel}","templated":true}]}}