{"id":25094,"date":"2024-05-14T17:08:45","date_gmt":"2024-05-14T15:08:45","guid":{"rendered":"https:\/\/anjos.com\/anjos-estara-presente-en-la-feria-interclima-2024\/"},"modified":"2024-05-14T17:08:45","modified_gmt":"2024-05-14T15:08:45","slug":"anjos-estara-presente-en-la-feria-interclima-2024","status":"publish","type":"post","link":"https:\/\/anjos.com\/es\/anjos-estara-presente-en-la-feria-interclima-2024\/","title":{"rendered":"Anjos estar\u00e1 presente en la <br>feria Interclima 2024"},"content":{"rendered":"<p><strong><span style=\"color: #54a4db;\">Interclima ser\u00e1 la ocasi\u00f3n para Anjos de presentar su gama de productos innovadores, respondiendo a las nuevas expectativas del mercado de la ventilaci\u00f3n.<\/span><\/strong><\/p>\n<p>Estaremos presentes del <strong><span style=\"color: #54a4db;\">30 de septiembre al 3 de octubre de 2024 en Paris Expo, Porte de Versailles<\/span><\/strong>. El sal\u00f3n se orientar\u00e1 en torno a cuatro tem\u00e1ticas: Adaptaci\u00f3n, Innovaci\u00f3n, Territorios, Hombres y Mujeres de la edificaci\u00f3n. Encontrar\u00e1 nuestro stand en la zona denominada: \u00abVentilaci\u00f3n y Calidad del Aire Interior\u00bb.  <\/p>\n<p>En 2024, el sal\u00f3n Interclima se inscribe en una din\u00e1mica de acci\u00f3n orientada a la b\u00fasqueda de soluciones. Al participar en Interclima, Anjos podr\u00e1 destacar sus soluciones de ventilaci\u00f3n frente a un mercado en perpetua evoluci\u00f3n. Las misiones de las partes interesadas son promover pr\u00e1cticas sostenibles en el \u00e1mbito de la industria, animando a los profesionales de la edificaci\u00f3n a replantear sus estrategias. Se comprometen a largo plazo a reducir al m\u00e1ximo su impacto en el clima, el medio ambiente y la biodiversidad.   <\/p>\n<p><span style=\"color: #54a4db;\"><strong>\u00abDescubra la diferencia de un aire puro. Explore nuestras soluciones de ventilaci\u00f3n en nuestro stand y sus ventajas\u00bb.<\/strong><\/span><\/p>\n<p>Nuestros comerciales estar\u00e1n disponibles para presentarle nuestros productos, incluidas nuestras \u00faltimas innovaciones. Tambi\u00e9n tendr\u00e1 la posibilidad de intercambiar opiniones sobre sus proyectos con nuestros representantes en nuestro espacio dedicado a los intercambios. <\/p>\n<p>Algunas buenas razones para venir a conocernos al sal\u00f3n Interclima:<\/p>\n<ul>\n<li>Explorar el universo de la edificaci\u00f3n y sus actores;<\/li>\n<li>Descubra en primicia nuestras \u00faltimas novedades, como el nuevo dise\u00f1o de nuestra entrada de aire EM HY, con l\u00edneas redondeadas y modernas;<\/li>\n<li>Tome conocimiento de las normas y reglamentos de nuestros productos de ventilaci\u00f3n;<\/li>\n<li>Intercambiar opiniones en directo con nuestros expertos en ventilaci\u00f3n;<\/li>\n<\/ul>\n<p>No espere a conocernos en el sal\u00f3n Interclima para contactarnos, no dude en consultar nuestras documentaciones y productos en nuestro cat\u00e1logo interactivo haciendo <a href=\"https:\/\/anjos.com\/wp-content\/uploads\/tarif_anjos_interactif_2024.html\">clic aqu\u00ed<\/a>.<\/p>\n<p style=\"text-align: center;\"><span style=\"color: #54a4db;\"><strong>Anjos: experto en ventilaci\u00f3n que innova para su bienestar.<\/strong><\/span><\/p>\n","protected":false},"excerpt":{"rendered":"<p>Interclima ser\u00e1 la ocasi\u00f3n para Anjos de presentar su gama de productos innovadores, respondiendo a las nuevas expectativas del mercado de la ventilaci\u00f3n. Estaremos presentes del 30 de septiembre al 3 de octubre de 2024 en Paris Expo, Porte de Versailles. El sal\u00f3n se orientar\u00e1 en torno a cuatro tem\u00e1ticas: Adaptaci\u00f3n, Innovaci\u00f3n, Territorios, Hombres y [&hellip;]<\/p>\n","protected":false},"author":2,"featured_media":25099,"comment_status":"closed","ping_status":"closed","sticky":false,"template":"","format":"standard","meta":{"footnotes":""},"categories":[235],"tags":[],"class_list":["post-25094","post","type-post","status-publish","format-standard","has-post-thumbnail","hentry","category-sin-categoria"],"_links":{"self":[{"href":"https:\/\/anjos.com\/es\/wp-json\/wp\/v2\/posts\/25094","targetHints":{"allow":["GET"]}}],"collection":[{"href":"https:\/\/anjos.com\/es\/wp-json\/wp\/v2\/posts"}],"about":[{"href":"https:\/\/anjos.com\/es\/wp-json\/wp\/v2\/types\/post"}],"author":[{"embeddable":true,"href":"https:\/\/anjos.com\/es\/wp-json\/wp\/v2\/users\/2"}],"replies":[{"embeddable":true,"href":"https:\/\/anjos.com\/es\/wp-json\/wp\/v2\/comments?post=25094"}],"version-history":[{"count":0,"href":"https:\/\/anjos.com\/es\/wp-json\/wp\/v2\/posts\/25094\/revisions"}],"wp:featuredmedia":[{"embeddable":true,"href":"https:\/\/anjos.com\/es\/wp-json\/wp\/v2\/media\/25099"}],"wp:attachment":[{"href":"https:\/\/anjos.com\/es\/wp-json\/wp\/v2\/media?parent=25094"}],"wp:term":[{"taxonomy":"category","embeddable":true,"href":"https:\/\/anjos.com\/es\/wp-json\/wp\/v2\/categories?post=25094"},{"taxonomy":"post_tag","embeddable":true,"href":"https:\/\/anjos.com\/es\/wp-json\/wp\/v2\/tags?post=25094"}],"curies":[{"name":"wp","href":"https:\/\/api.w.org\/{rel}","templated":true}]}}